{"id":5668,"date":"2025-02-18T17:23:38","date_gmt":"2025-02-18T16:23:38","guid":{"rendered":"https:\/\/deutschkurs-stuttgart.de\/?p=5668"},"modified":"2025-02-18T17:29:57","modified_gmt":"2025-02-18T16:29:57","slug":"durchstarten-daf-modellprojekt-am-deutschkolleg-stuttgart-foerdert-besonders-begabte-gefluechtete","status":"publish","type":"post","link":"https:\/\/deutschkurs-stuttgart.de\/de\/durchstarten-daf-modellprojekt-am-deutschkolleg-stuttgart-foerdert-besonders-begabte-gefluechtete\/","title":{"rendered":"\u201eDurchstarten DaF\u201c \u00a0&#8211; Modellprojekt am Deutschkolleg Stuttgart f\u00f6rdert besonders begabte Gefl\u00fcchtete"},"content":{"rendered":"\n<p><strong>Stuttgart, im November 2024<\/strong><\/p>\n\n\n\n<p>Die ersten Gef\u00f6rderten konnten bereits Mitte November 2024 mit dem Deutschkurs starten, der sie qualifiziert auf ein Studium an einer deutschen Hochschule vorbereitet. Das Projekt richtet sich an besonders begabte junge Menschen, die aus ihrem Heimatland fl\u00fcchten mussten. Sie k\u00f6nnen am Deutschkolleg in kurzer Zeit die erforderlichen Sprachkenntnisse lernen, um ins Studienkolleg einzusteigen oder direkt mit dem Studium zu beginnen.<\/p>\n\n\n\n<p>\u201eDurchstarten DaF\u201c richtet sich an junge studienf\u00e4hige und -interessierte Gefl\u00fcchtete im Raum Stuttgart, denen die erforderlichen Sprachkenntnisse f\u00fcr den Hochschulzugang fehlen. Bei der notwendigen Beratung zu erforderlichen Abschl\u00fcssen und Qualifikationen arbeiten wir eng mit der Bildungsberatung Garantiefonds Hochschule zusammen.<\/p>\n\n\n\n<p>Im Rahmen des Projekts \u201eDurchstarten DaF\u201c werden die Gefl\u00fcchteten in die Deutschkurse des Deutschkollegs Stuttgart integriert. Das Deutschkolleg im \u00d6kumenischen Zentrum auf dem Campus der Universit\u00e4t in Stuttgart-Vaihingen bereitet seit \u00fcber 40 Jahren Studienbewerber(innen) und Studierende aus aller Welt erfolgreich auf das Studium an Hochschulen in Deutschland vor.<\/p>\n\n\n\n<p>Finanziert wird das Projekt durch das Ministerium f\u00fcr Soziales, Gesundheit und Integration aus Landesmitteln, die der Landtag Baden-W\u00fcrttemberg<\/p>\n\n\n\n<p>beschlossen hat. Das Sozialministerium f\u00f6rdert in diesem Rahmen 26 Modellprojekte mit insgesamt mehr als 1,6 &nbsp;Millionen Euro.<br>Zur <a href=\"https:\/\/sozialministerium.baden-wuerttemberg.de\/de\/service\/presse\/pressemitteilung\/pid\/mehr-als-16-millionen-euro-fuer-modellprojekte-der-sprachfoerderung\">Pressemitteilung des Sozialministeriums<\/a> (externer Link) <\/p>\n\n\n\n<p>Die F\u00f6rdersumme des Projekts \u201eStarthilfe Deutsch\u201c betr\u00e4gt insgesamt 50.000 Euro. F\u00fcr die gef\u00f6rderten Gefl\u00fcchteten ist die Teilnahme an den Deutschkursen inklusive Lehrmaterialien und ggfls. Abschlusspr\u00fcfung (TestDaF) kostenlos. Voraussetzung ist, dass sich die Gef\u00f6rderten in der Region Stuttgart aufhalten und keine andere Finanzierung m\u00f6glich ist.<\/p>\n\n\n\n<p>Die maximale F\u00f6rderdauer betr\u00e4gt vier Kurse \u00e0 je 6 Wochen. In einem sechsw\u00f6chigen Kurs wird jeweils eine Sprachstufe absolviert. Bei Vorkenntnissen wird die Kursdauer reduziert.<\/p>\n\n\n\n<p>Gef\u00f6rderte k\u00f6nnen ab sofort jeweils zum n\u00e4chsten Kursbeginn des Deutschkollegs in die Kurse aufgenommen werden, bis die Projektlaufzeit endet bzw. die verf\u00fcgbaren Projektmittel aufgebraucht sind.<\/p>\n\n\n\n<p>Gefl\u00fcchtete, die sich f\u00fcr das Projekt \u201eDurchstarten DaF\u201c interessieren, wenden sich an das <a href=\"https:\/\/deutschkurs-stuttgart.de\/de\/deutschkolleg-stuttgart-kontakt\/\">Sprachkursb\u00fcro des Deutschkollegs Stuttgart<\/a> oder an die <a href=\"https:\/\/bildungsberatung-gfh.de\/wde\/standorte\/standorte\/Stuttgart.php\">Bildungsberatung des Garantiefonds Hochschule in Stuttgart<\/a> (externer Link).<br><\/p>\n\n\n\n<p><\/p>\n","protected":false},"excerpt":{"rendered":"<p>Stuttgart, im November 2024 Die ersten Gef\u00f6rderten konnten bereits Mitte November 2024 mit dem Deutschkurs starten, der sie qualifiziert auf ein Studium an einer deutschen Hochschule vorbereitet. Das Projekt richtet sich an besonders begabte junge Menschen, die aus ihrem Heimatland fl\u00fcchten mussten. Sie k\u00f6nnen am Deutschkolleg in kurzer Zeit die erforderlichen Sprachkenntnisse lernen, um ins [&hellip;]<\/p>\n","protected":false},"author":4,"featured_media":0,"comment_status":"closed","ping_status":"closed","sticky":false,"template":"","format":"standard","meta":{"footnotes":""},"categories":[1],"tags":[32,17,35,29,28,36],"class_list":["post-5668","post","type-post","status-publish","format-standard","hentry","category-unkategorisiert","tag-deutsch-lernen","tag-deutschkurs","tag-foerderung","tag-gefluechtete","tag-stipendium","tag-studienvorbereitung"],"yoast_head":"<!-- This site is optimized with the Yoast SEO plugin v26.4 - https:\/\/yoast.com\/wordpress\/plugins\/seo\/ -->\n<title>\u201eDurchstarten DaF\u201c \u00a0- Modellprojekt am Deutschkolleg Stuttgart f\u00f6rdert besonders begabte Gefl\u00fcchtete - Deutschkolleg Stuttgart<\/title>\n<meta name=\"description\" content=\"Lernen Sie schnell und effektiv Deutsch, um erfolgreich an einer deutschen Universit\u00e4t zu studieren. Jetzt f\u00fcr Kurse und Pr\u00fcfungen anmelden!\" \/>\n<meta name=\"robots\" content=\"index, follow, max-snippet:-1, max-image-preview:large, max-video-preview:-1\" \/>\n<link rel=\"canonical\" href=\"https:\/\/deutschkurs-stuttgart.de\/de\/durchstarten-daf-modellprojekt-am-deutschkolleg-stuttgart-foerdert-besonders-begabte-gefluechtete\/\" \/>\n<meta property=\"og:locale\" content=\"de_DE\" \/>\n<meta property=\"og:type\" content=\"article\" \/>\n<meta property=\"og:title\" content=\"\u201eDurchstarten DaF\u201c \u00a0- Modellprojekt am Deutschkolleg Stuttgart f\u00f6rdert besonders begabte Gefl\u00fcchtete - Deutschkolleg Stuttgart\" \/>\n<meta property=\"og:description\" content=\"Lernen Sie schnell und effektiv Deutsch, um erfolgreich an einer deutschen Universit\u00e4t zu studieren. Jetzt f\u00fcr Kurse und Pr\u00fcfungen anmelden!\" \/>\n<meta property=\"og:url\" content=\"https:\/\/deutschkurs-stuttgart.de\/de\/durchstarten-daf-modellprojekt-am-deutschkolleg-stuttgart-foerdert-besonders-begabte-gefluechtete\/\" \/>\n<meta property=\"og:site_name\" content=\"Deutschkolleg Stuttgart\" \/>\n<meta property=\"article:publisher\" content=\"https:\/\/www.facebook.com\/DeutschkollegStuttgart\" \/>\n<meta property=\"article:published_time\" content=\"2025-02-18T16:23:38+00:00\" \/>\n<meta property=\"article:modified_time\" content=\"2025-02-18T16:29:57+00:00\" \/>\n<meta name=\"author\" content=\"Almut K\u00f6rting\" \/>\n<meta name=\"twitter:card\" content=\"summary_large_image\" \/>\n<meta name=\"twitter:label1\" content=\"Verfasst von\" \/>\n\t<meta name=\"twitter:data1\" content=\"Almut K\u00f6rting\" \/>\n\t<meta name=\"twitter:label2\" content=\"Gesch\u00e4tzte Lesezeit\" \/>\n\t<meta name=\"twitter:data2\" content=\"2\u00a0Minuten\" \/>\n<script type=\"application\/ld+json\" class=\"yoast-schema-graph\">{\"@context\":\"https:\/\/schema.org\",\"@graph\":[{\"@type\":\"Article\",\"@id\":\"https:\/\/deutschkurs-stuttgart.de\/de\/durchstarten-daf-modellprojekt-am-deutschkolleg-stuttgart-foerdert-besonders-begabte-gefluechtete\/#article\",\"isPartOf\":{\"@id\":\"https:\/\/deutschkurs-stuttgart.de\/de\/durchstarten-daf-modellprojekt-am-deutschkolleg-stuttgart-foerdert-besonders-begabte-gefluechtete\/\"},\"author\":{\"name\":\"Almut K\u00f6rting\",\"@id\":\"https:\/\/deutschkurs-stuttgart.de\/de\/#\/schema\/person\/9b822d5c157483425abe53e81c739e3a\"},\"headline\":\"\u201eDurchstarten DaF\u201c \u00a0&#8211; Modellprojekt am Deutschkolleg Stuttgart f\u00f6rdert besonders begabte Gefl\u00fcchtete\",\"datePublished\":\"2025-02-18T16:23:38+00:00\",\"dateModified\":\"2025-02-18T16:29:57+00:00\",\"mainEntityOfPage\":{\"@id\":\"https:\/\/deutschkurs-stuttgart.de\/de\/durchstarten-daf-modellprojekt-am-deutschkolleg-stuttgart-foerdert-besonders-begabte-gefluechtete\/\"},\"wordCount\":351,\"publisher\":{\"@id\":\"https:\/\/deutschkurs-stuttgart.de\/de\/#organization\"},\"keywords\":[\"Deutsch lernen\",\"Deutschkurs\",\"F\u00f6rderung\",\"Gefl\u00fcchtete\",\"Stipendium\",\"Studienvorbereitung\"],\"articleSection\":[\"Unkategorisiert\"],\"inLanguage\":\"de\"},{\"@type\":\"WebPage\",\"@id\":\"https:\/\/deutschkurs-stuttgart.de\/de\/durchstarten-daf-modellprojekt-am-deutschkolleg-stuttgart-foerdert-besonders-begabte-gefluechtete\/\",\"url\":\"https:\/\/deutschkurs-stuttgart.de\/de\/durchstarten-daf-modellprojekt-am-deutschkolleg-stuttgart-foerdert-besonders-begabte-gefluechtete\/\",\"name\":\"\u201eDurchstarten DaF\u201c \u00a0- Modellprojekt am Deutschkolleg Stuttgart f\u00f6rdert besonders begabte Gefl\u00fcchtete - Deutschkolleg Stuttgart\",\"isPartOf\":{\"@id\":\"https:\/\/deutschkurs-stuttgart.de\/de\/#website\"},\"datePublished\":\"2025-02-18T16:23:38+00:00\",\"dateModified\":\"2025-02-18T16:29:57+00:00\",\"description\":\"Lernen Sie schnell und effektiv Deutsch, um erfolgreich an einer deutschen Universit\u00e4t zu studieren. Jetzt f\u00fcr Kurse und Pr\u00fcfungen anmelden!\",\"breadcrumb\":{\"@id\":\"https:\/\/deutschkurs-stuttgart.de\/de\/durchstarten-daf-modellprojekt-am-deutschkolleg-stuttgart-foerdert-besonders-begabte-gefluechtete\/#breadcrumb\"},\"inLanguage\":\"de\",\"potentialAction\":[{\"@type\":\"ReadAction\",\"target\":[\"https:\/\/deutschkurs-stuttgart.de\/de\/durchstarten-daf-modellprojekt-am-deutschkolleg-stuttgart-foerdert-besonders-begabte-gefluechtete\/\"]}]},{\"@type\":\"BreadcrumbList\",\"@id\":\"https:\/\/deutschkurs-stuttgart.de\/de\/durchstarten-daf-modellprojekt-am-deutschkolleg-stuttgart-foerdert-besonders-begabte-gefluechtete\/#breadcrumb\",\"itemListElement\":[{\"@type\":\"ListItem\",\"position\":1,\"name\":\"Startseite\",\"item\":\"https:\/\/deutschkurs-stuttgart.de\/de\/deutschkolleg-stuttgart\/\"},{\"@type\":\"ListItem\",\"position\":2,\"name\":\"\u201eDurchstarten DaF\u201c \u00a0&#8211; Modellprojekt am Deutschkolleg Stuttgart f\u00f6rdert besonders begabte Gefl\u00fcchtete\"}]},{\"@type\":\"WebSite\",\"@id\":\"https:\/\/deutschkurs-stuttgart.de\/de\/#website\",\"url\":\"https:\/\/deutschkurs-stuttgart.de\/de\/\",\"name\":\"Deutschkolleg Stuttgart\",\"description\":\"Schnell und effektiv Deutsch f\u00fcr Studium und Beruf lernen\",\"publisher\":{\"@id\":\"https:\/\/deutschkurs-stuttgart.de\/de\/#organization\"},\"potentialAction\":[{\"@type\":\"SearchAction\",\"target\":{\"@type\":\"EntryPoint\",\"urlTemplate\":\"https:\/\/deutschkurs-stuttgart.de\/de\/?s={search_term_string}\"},\"query-input\":{\"@type\":\"PropertyValueSpecification\",\"valueRequired\":true,\"valueName\":\"search_term_string\"}}],\"inLanguage\":\"de\"},{\"@type\":\"Organization\",\"@id\":\"https:\/\/deutschkurs-stuttgart.de\/de\/#organization\",\"name\":\"Deutschkolleg Stuttgart\",\"url\":\"https:\/\/deutschkurs-stuttgart.de\/de\/\",\"logo\":{\"@type\":\"ImageObject\",\"inLanguage\":\"de\",\"@id\":\"https:\/\/deutschkurs-stuttgart.de\/de\/#\/schema\/logo\/image\/\",\"url\":\"https:\/\/deutschkurs-stuttgart.de\/wp-content\/uploads\/2019\/05\/DK-Logo.png\",\"contentUrl\":\"https:\/\/deutschkurs-stuttgart.de\/wp-content\/uploads\/2019\/05\/DK-Logo.png\",\"width\":200,\"height\":152,\"caption\":\"Deutschkolleg Stuttgart\"},\"image\":{\"@id\":\"https:\/\/deutschkurs-stuttgart.de\/de\/#\/schema\/logo\/image\/\"},\"sameAs\":[\"https:\/\/www.facebook.com\/DeutschkollegStuttgart\",\"https:\/\/www.instagram.com\/deutschkolleg.stuttgart\/\"]},{\"@type\":\"Person\",\"@id\":\"https:\/\/deutschkurs-stuttgart.de\/de\/#\/schema\/person\/9b822d5c157483425abe53e81c739e3a\",\"name\":\"Almut K\u00f6rting\",\"sameAs\":[\"mattmueller\"]}]}<\/script>\n<!-- \/ Yoast SEO plugin. -->","yoast_head_json":{"title":"\u201eDurchstarten DaF\u201c \u00a0- Modellprojekt am Deutschkolleg Stuttgart f\u00f6rdert besonders begabte Gefl\u00fcchtete - Deutschkolleg Stuttgart","description":"Lernen Sie schnell und effektiv Deutsch, um erfolgreich an einer deutschen Universit\u00e4t zu studieren. Jetzt f\u00fcr Kurse und Pr\u00fcfungen anmelden!","robots":{"index":"index","follow":"follow","max-snippet":"max-snippet:-1","max-image-preview":"max-image-preview:large","max-video-preview":"max-video-preview:-1"},"canonical":"https:\/\/deutschkurs-stuttgart.de\/de\/durchstarten-daf-modellprojekt-am-deutschkolleg-stuttgart-foerdert-besonders-begabte-gefluechtete\/","og_locale":"de_DE","og_type":"article","og_title":"\u201eDurchstarten DaF\u201c \u00a0- Modellprojekt am Deutschkolleg Stuttgart f\u00f6rdert besonders begabte Gefl\u00fcchtete - Deutschkolleg Stuttgart","og_description":"Lernen Sie schnell und effektiv Deutsch, um erfolgreich an einer deutschen Universit\u00e4t zu studieren. Jetzt f\u00fcr Kurse und Pr\u00fcfungen anmelden!","og_url":"https:\/\/deutschkurs-stuttgart.de\/de\/durchstarten-daf-modellprojekt-am-deutschkolleg-stuttgart-foerdert-besonders-begabte-gefluechtete\/","og_site_name":"Deutschkolleg Stuttgart","article_publisher":"https:\/\/www.facebook.com\/DeutschkollegStuttgart","article_published_time":"2025-02-18T16:23:38+00:00","article_modified_time":"2025-02-18T16:29:57+00:00","author":"Almut K\u00f6rting","twitter_card":"summary_large_image","twitter_misc":{"Verfasst von":"Almut K\u00f6rting","Gesch\u00e4tzte Lesezeit":"2\u00a0Minuten"},"schema":{"@context":"https:\/\/schema.org","@graph":[{"@type":"Article","@id":"https:\/\/deutschkurs-stuttgart.de\/de\/durchstarten-daf-modellprojekt-am-deutschkolleg-stuttgart-foerdert-besonders-begabte-gefluechtete\/#article","isPartOf":{"@id":"https:\/\/deutschkurs-stuttgart.de\/de\/durchstarten-daf-modellprojekt-am-deutschkolleg-stuttgart-foerdert-besonders-begabte-gefluechtete\/"},"author":{"name":"Almut K\u00f6rting","@id":"https:\/\/deutschkurs-stuttgart.de\/de\/#\/schema\/person\/9b822d5c157483425abe53e81c739e3a"},"headline":"\u201eDurchstarten DaF\u201c \u00a0&#8211; Modellprojekt am Deutschkolleg Stuttgart f\u00f6rdert besonders begabte Gefl\u00fcchtete","datePublished":"2025-02-18T16:23:38+00:00","dateModified":"2025-02-18T16:29:57+00:00","mainEntityOfPage":{"@id":"https:\/\/deutschkurs-stuttgart.de\/de\/durchstarten-daf-modellprojekt-am-deutschkolleg-stuttgart-foerdert-besonders-begabte-gefluechtete\/"},"wordCount":351,"publisher":{"@id":"https:\/\/deutschkurs-stuttgart.de\/de\/#organization"},"keywords":["Deutsch lernen","Deutschkurs","F\u00f6rderung","Gefl\u00fcchtete","Stipendium","Studienvorbereitung"],"articleSection":["Unkategorisiert"],"inLanguage":"de"},{"@type":"WebPage","@id":"https:\/\/deutschkurs-stuttgart.de\/de\/durchstarten-daf-modellprojekt-am-deutschkolleg-stuttgart-foerdert-besonders-begabte-gefluechtete\/","url":"https:\/\/deutschkurs-stuttgart.de\/de\/durchstarten-daf-modellprojekt-am-deutschkolleg-stuttgart-foerdert-besonders-begabte-gefluechtete\/","name":"\u201eDurchstarten DaF\u201c \u00a0- Modellprojekt am Deutschkolleg Stuttgart f\u00f6rdert besonders begabte Gefl\u00fcchtete - Deutschkolleg Stuttgart","isPartOf":{"@id":"https:\/\/deutschkurs-stuttgart.de\/de\/#website"},"datePublished":"2025-02-18T16:23:38+00:00","dateModified":"2025-02-18T16:29:57+00:00","description":"Lernen Sie schnell und effektiv Deutsch, um erfolgreich an einer deutschen Universit\u00e4t zu studieren. Jetzt f\u00fcr Kurse und Pr\u00fcfungen anmelden!","breadcrumb":{"@id":"https:\/\/deutschkurs-stuttgart.de\/de\/durchstarten-daf-modellprojekt-am-deutschkolleg-stuttgart-foerdert-besonders-begabte-gefluechtete\/#breadcrumb"},"inLanguage":"de","potentialAction":[{"@type":"ReadAction","target":["https:\/\/deutschkurs-stuttgart.de\/de\/durchstarten-daf-modellprojekt-am-deutschkolleg-stuttgart-foerdert-besonders-begabte-gefluechtete\/"]}]},{"@type":"BreadcrumbList","@id":"https:\/\/deutschkurs-stuttgart.de\/de\/durchstarten-daf-modellprojekt-am-deutschkolleg-stuttgart-foerdert-besonders-begabte-gefluechtete\/#breadcrumb","itemListElement":[{"@type":"ListItem","position":1,"name":"Startseite","item":"https:\/\/deutschkurs-stuttgart.de\/de\/deutschkolleg-stuttgart\/"},{"@type":"ListItem","position":2,"name":"\u201eDurchstarten DaF\u201c \u00a0&#8211; Modellprojekt am Deutschkolleg Stuttgart f\u00f6rdert besonders begabte Gefl\u00fcchtete"}]},{"@type":"WebSite","@id":"https:\/\/deutschkurs-stuttgart.de\/de\/#website","url":"https:\/\/deutschkurs-stuttgart.de\/de\/","name":"Deutschkolleg Stuttgart","description":"Schnell und effektiv Deutsch f\u00fcr Studium und Beruf lernen","publisher":{"@id":"https:\/\/deutschkurs-stuttgart.de\/de\/#organization"},"potentialAction":[{"@type":"SearchAction","target":{"@type":"EntryPoint","urlTemplate":"https:\/\/deutschkurs-stuttgart.de\/de\/?s={search_term_string}"},"query-input":{"@type":"PropertyValueSpecification","valueRequired":true,"valueName":"search_term_string"}}],"inLanguage":"de"},{"@type":"Organization","@id":"https:\/\/deutschkurs-stuttgart.de\/de\/#organization","name":"Deutschkolleg Stuttgart","url":"https:\/\/deutschkurs-stuttgart.de\/de\/","logo":{"@type":"ImageObject","inLanguage":"de","@id":"https:\/\/deutschkurs-stuttgart.de\/de\/#\/schema\/logo\/image\/","url":"https:\/\/deutschkurs-stuttgart.de\/wp-content\/uploads\/2019\/05\/DK-Logo.png","contentUrl":"https:\/\/deutschkurs-stuttgart.de\/wp-content\/uploads\/2019\/05\/DK-Logo.png","width":200,"height":152,"caption":"Deutschkolleg Stuttgart"},"image":{"@id":"https:\/\/deutschkurs-stuttgart.de\/de\/#\/schema\/logo\/image\/"},"sameAs":["https:\/\/www.facebook.com\/DeutschkollegStuttgart","https:\/\/www.instagram.com\/deutschkolleg.stuttgart\/"]},{"@type":"Person","@id":"https:\/\/deutschkurs-stuttgart.de\/de\/#\/schema\/person\/9b822d5c157483425abe53e81c739e3a","name":"Almut K\u00f6rting","sameAs":["mattmueller"]}]}},"_links":{"self":[{"href":"https:\/\/deutschkurs-stuttgart.de\/de\/wp-json\/wp\/v2\/posts\/5668","targetHints":{"allow":["GET"]}}],"collection":[{"href":"https:\/\/deutschkurs-stuttgart.de\/de\/wp-json\/wp\/v2\/posts"}],"about":[{"href":"https:\/\/deutschkurs-stuttgart.de\/de\/wp-json\/wp\/v2\/types\/post"}],"author":[{"embeddable":true,"href":"https:\/\/deutschkurs-stuttgart.de\/de\/wp-json\/wp\/v2\/users\/4"}],"replies":[{"embeddable":true,"href":"https:\/\/deutschkurs-stuttgart.de\/de\/wp-json\/wp\/v2\/comments?post=5668"}],"version-history":[{"count":2,"href":"https:\/\/deutschkurs-stuttgart.de\/de\/wp-json\/wp\/v2\/posts\/5668\/revisions"}],"predecessor-version":[{"id":5671,"href":"https:\/\/deutschkurs-stuttgart.de\/de\/wp-json\/wp\/v2\/posts\/5668\/revisions\/5671"}],"wp:attachment":[{"href":"https:\/\/deutschkurs-stuttgart.de\/de\/wp-json\/wp\/v2\/media?parent=5668"}],"wp:term":[{"taxonomy":"category","embeddable":true,"href":"https:\/\/deutschkurs-stuttgart.de\/de\/wp-json\/wp\/v2\/categories?post=5668"},{"taxonomy":"post_tag","embeddable":true,"href":"https:\/\/deutschkurs-stuttgart.de\/de\/wp-json\/wp\/v2\/tags?post=5668"}],"curies":[{"name":"wp","href":"https:\/\/api.w.org\/{rel}","templated":true}]}}